{"id":27078,"date":"2025-02-07T10:00:53","date_gmt":"2025-02-07T09:00:53","guid":{"rendered":"https:\/\/academy.vg\/2025\/02\/07\/la-van-gogh-academy-se-lance-en-ligne-une-nouvelle-perspective-dans-lunivers-des-etudes-sur-van-gogh\/"},"modified":"2025-03-10T18:53:15","modified_gmt":"2025-03-10T17:53:15","slug":"la-van-gogh-academy-se-lance-en-ligne-une-nouvelle-perspective-dans-lunivers-des-etudes-sur-van-gogh","status":"publish","type":"post","link":"https:\/\/academy.vg\/fr\/2025\/02\/07\/la-van-gogh-academy-se-lance-en-ligne-une-nouvelle-perspective-dans-lunivers-des-etudes-sur-van-gogh\/","title":{"rendered":"La Van Gogh Academy se lance en ligne : une nouvelle perspective dans l\u2019univers des \u00e9tudes sur Van Gogh"},"content":{"rendered":"<div class=\"fusion-fullwidth fullwidth-box fusion-builder-row-1 fusion-flex-container has-pattern-background has-mask-background nonhundred-percent-fullwidth non-hundred-percent-height-scrolling\" style=\"--awb-border-radius-top-left:0px;--awb-border-radius-top-right:0px;--awb-border-radius-bottom-right:0px;--awb-border-radius-bottom-left:0px;--awb-flex-wrap:wrap;\" ><div class=\"fusion-builder-row fusion-row fusion-flex-align-items-flex-start fusion-flex-content-wrap\" style=\"max-width:93.6%;margin-left: calc(-4% \/ 2 );margin-right: calc(-4% \/ 2 );\"><div class=\"fusion-layout-column fusion_builder_column fusion-builder-column-0 fusion_builder_column_1_1 1_1 fusion-flex-column\" style=\"--awb-bg-size:cover;--awb-width-large:100%;--awb-margin-top-large:0px;--awb-spacing-right-large:1.92%;--awb-margin-bottom-large:0px;--awb-spacing-left-large:1.92%;--awb-width-medium:100%;--awb-spacing-right-medium:1.92%;--awb-spacing-left-medium:1.92%;--awb-width-small:100%;--awb-spacing-right-small:1.92%;--awb-spacing-left-small:1.92%;\"><div class=\"fusion-column-wrapper fusion-flex-justify-content-flex-start fusion-content-layout-column\"><div class=\"fusion-text fusion-text-1 awb-text-cols fusion-text-columns-2\" style=\"--awb-columns:2;--awb-column-spacing:2em;--awb-column-min-width:380px;\"><p>Nous sommes tr\u00e8s heureux d\u2019annoncer la mise en ligne du site de la Van Gogh Academy, une institution fond\u00e9e par Wouter van der Veen, sp\u00e9cialiste de Van Gogh depuis plus de vingt-cinq ans. Notre ambition\u202f? Venir en compl\u00e9ment des travaux men\u00e9s par de grandes structures comme le Van Gogh Museum, le Mus\u00e9e d\u2019Orsay, le Wildenstein-Plattner Institute, l\u2019Institut Van Gogh, ainsi que diverses universit\u00e9s et biblioth\u00e8ques.<\/p>\n<p>Notre objectif : d\u00e9couvrir, acqu\u00e9rir et analyser des documents et des \u0153uvres qui \u00e9clairent la vie et le parcours artistique de Vincent van Gogh. Nous disposons d\u00e9j\u00e0 d\u2019une vaste biblioth\u00e8que, et nous avons h\u00e2te de partager nos recherches avec un public international.<\/p>\n<p>Mais la Van Gogh Academy ne se limite pas \u00e0 l\u2019aspect scientifique. Pour comprendre pleinement l\u2019h\u00e9ritage de Van Gogh, nous pensons qu\u2019il faut plonger au c\u0153ur de son environnement : sentir le soleil proven\u00e7al sur la peau, \u00e9couter le chant des cigales, humer l\u2019odeur du bl\u00e9 m\u00fbr \u00e0 Auvers-sur-Oise, go\u00fbter olives et absinthe\u2026 C\u2019est \u00e0 travers cette immersion sensorielle que l\u2019on saisit toute la port\u00e9e de son \u0153uvre.<\/p>\n<p>Nous sommes \u00e9galement fiers d\u2019\u00eatre soutenus par trois partenaires qui ont rendu ce lancement possible : <strong>Groupe Quinze, Mara\u00eb Systems et Fonseca Fine Arts (Galerie de la Vall\u00e9e de l\u2019Oise).<\/strong> Et nous devons une reconnaissance particuli\u00e8re \u00e0<strong> K.\u202fS<\/strong>., qui a cru en notre projet, nous a donn\u00e9 l\u2019\u00e9lan n\u00e9cessaire pour cr\u00e9er cette nouvelle institution, et nous a grandement aid\u00e9s sur le plan financier.<\/p>\n<p>Bas\u00e9e \u00e0 Auvers-sur-Oise, la Van Gogh Academy est une association fran\u00e7aise \u00e0 but non lucratif tourn\u00e9e vers l\u2019international. Notre volont\u00e9 est d\u2019intervenir partout o\u00f9 Van Gogh a v\u00e9cu ou laiss\u00e9 son empreinte. Nous invitons toutes celles et ceux qui souhaitent en savoir plus \u00e0 notre journ\u00e9e portes ouvertes le <strong>samedi 17\u202fmai, au 1\u202frue Fran\u00e7ois Mitterrand, 95430\u202fAuvers-sur-Oise (10h-18h).<\/strong> Venez rencontrer notre \u00e9quipe, d\u00e9couvrir notre approche et comprendre pourquoi la Van Gogh Academy apporte un regard neuf dans la galaxie des \u00e9tudes consacr\u00e9es \u00e0 Van Gogh.<\/p>\n<\/div><div class=\"awb-gallery-wrapper awb-gallery-wrapper-1 button-span-no\" style=\"--more-btn-alignment:center;margin-top:30px;\"><div style=\"margin:-5px;--awb-bordersize:0px;\" class=\"fusion-gallery fusion-gallery-container fusion-grid-3 fusion-columns-total-6 fusion-gallery-layout-grid fusion-gallery-1\"><div style=\"padding:5px;\" class=\"fusion-grid-column fusion-gallery-column fusion-gallery-column-3 hover-type-none\"><div class=\"fusion-gallery-image\"><a href=\"https:\/\/academy.vg\/wp-content\/uploads\/2025\/02\/DSC5812-Web.jpg\" rel=\"noreferrer\" data-rel=\"iLightbox[gallery_image_1]\" class=\"fusion-lightbox\" target=\"_self\"><img decoding=\"async\" src=\"https:\/\/academy.vg\/wp-content\/uploads\/2025\/02\/DSC5812-Web.jpg\" width=\"2000\" height=\"1334\" alt=\"\" title=\"_DSC5812-Web\" aria-label=\"_DSC5812-Web\" class=\"img-responsive wp-image-28871\" srcset=\"https:\/\/academy.vg\/wp-content\/uploads\/2025\/02\/DSC5812-Web-200x133.jpg 200w, https:\/\/academy.vg\/wp-content\/uploads\/2025\/02\/DSC5812-Web-400x267.jpg 400w, https:\/\/academy.vg\/wp-content\/uploads\/2025\/02\/DSC5812-Web-600x400.jpg 600w, https:\/\/academy.vg\/wp-content\/uploads\/2025\/02\/DSC5812-Web-800x534.jpg 800w, https:\/\/academy.vg\/wp-content\/uploads\/2025\/02\/DSC5812-Web-1200x800.jpg 1200w, https:\/\/academy.vg\/wp-content\/uploads\/2025\/02\/DSC5812-Web.jpg 2000w\" sizes=\"(min-width: 2200px) 100vw, (min-width: 794px) 573px, (min-width: 717px) 794px, (min-width: 640px) 717px, \" \/><\/a><\/div><\/div><div style=\"padding:5px;\" class=\"fusion-grid-column fusion-gallery-column fusion-gallery-column-3 hover-type-none\"><div class=\"fusion-gallery-image\"><a href=\"https:\/\/academy.vg\/wp-content\/uploads\/2025\/02\/Gogh-russell-1.jpg\" rel=\"noreferrer\" data-rel=\"iLightbox[gallery_image_1]\" class=\"fusion-lightbox\" target=\"_self\"><img decoding=\"async\" src=\"https:\/\/academy.vg\/wp-content\/uploads\/2025\/02\/Gogh-russell-1.jpg\" width=\"1483\" height=\"2000\" alt=\"\" title=\"Gogh russell\" aria-label=\"Gogh russell\" class=\"img-responsive wp-image-28873\" srcset=\"https:\/\/academy.vg\/wp-content\/uploads\/2025\/02\/Gogh-russell-1-200x270.jpg 200w, https:\/\/academy.vg\/wp-content\/uploads\/2025\/02\/Gogh-russell-1-400x540.jpg 400w, https:\/\/academy.vg\/wp-content\/uploads\/2025\/02\/Gogh-russell-1-600x809.jpg 600w, https:\/\/academy.vg\/wp-content\/uploads\/2025\/02\/Gogh-russell-1-800x1079.jpg 800w, https:\/\/academy.vg\/wp-content\/uploads\/2025\/02\/Gogh-russell-1-1200x1619.jpg 1200w, https:\/\/academy.vg\/wp-content\/uploads\/2025\/02\/Gogh-russell-1.jpg 1483w\" sizes=\"(min-width: 2200px) 100vw, (min-width: 794px) 573px, (min-width: 717px) 794px, (min-width: 640px) 717px, \" \/><\/a><\/div><\/div><div style=\"padding:5px;\" class=\"fusion-grid-column fusion-gallery-column fusion-gallery-column-3 hover-type-none\"><div class=\"fusion-gallery-image\"><a href=\"https:\/\/academy.vg\/wp-content\/uploads\/2025\/02\/IMG_2651.jpeg\" rel=\"noreferrer\" data-rel=\"iLightbox[gallery_image_1]\" class=\"fusion-lightbox\" target=\"_self\"><img decoding=\"async\" src=\"https:\/\/academy.vg\/wp-content\/uploads\/2025\/02\/IMG_2651.jpeg\" width=\"1280\" height=\"960\" alt=\"\" title=\"IMG_2651\" aria-label=\"IMG_2651\" class=\"img-responsive wp-image-28875\" srcset=\"https:\/\/academy.vg\/wp-content\/uploads\/2025\/02\/IMG_2651-200x150.jpeg 200w, https:\/\/academy.vg\/wp-content\/uploads\/2025\/02\/IMG_2651-400x300.jpeg 400w, https:\/\/academy.vg\/wp-content\/uploads\/2025\/02\/IMG_2651-600x450.jpeg 600w, https:\/\/academy.vg\/wp-content\/uploads\/2025\/02\/IMG_2651-800x600.jpeg 800w, https:\/\/academy.vg\/wp-content\/uploads\/2025\/02\/IMG_2651-1200x900.jpeg 1200w, https:\/\/academy.vg\/wp-content\/uploads\/2025\/02\/IMG_2651.jpeg 1280w\" sizes=\"(min-width: 2200px) 100vw, (min-width: 794px) 573px, (min-width: 717px) 794px, (min-width: 640px) 717px, \" \/><\/a><\/div><\/div><div class=\"clearfix\"><\/div><div style=\"padding:5px;\" class=\"fusion-grid-column fusion-gallery-column fusion-gallery-column-3 hover-type-none\"><div class=\"fusion-gallery-image\"><a href=\"https:\/\/academy.vg\/wp-content\/uploads\/2025\/02\/John_Peter_Russell_Van_Gogh_drawings-1.jpg\" rel=\"noreferrer\" data-rel=\"iLightbox[gallery_image_1]\" class=\"fusion-lightbox\" target=\"_self\"><img decoding=\"async\" src=\"https:\/\/academy.vg\/wp-content\/uploads\/2025\/02\/John_Peter_Russell_Van_Gogh_drawings-1.jpg\" width=\"780\" height=\"600\" alt=\"\" title=\"John_Peter_Russell_Van_Gogh_drawings\" aria-label=\"John_Peter_Russell_Van_Gogh_drawings\" class=\"img-responsive wp-image-28877\" srcset=\"https:\/\/academy.vg\/wp-content\/uploads\/2025\/02\/John_Peter_Russell_Van_Gogh_drawings-1-200x154.jpg 200w, https:\/\/academy.vg\/wp-content\/uploads\/2025\/02\/John_Peter_Russell_Van_Gogh_drawings-1-400x308.jpg 400w, https:\/\/academy.vg\/wp-content\/uploads\/2025\/02\/John_Peter_Russell_Van_Gogh_drawings-1-600x462.jpg 600w, https:\/\/academy.vg\/wp-content\/uploads\/2025\/02\/John_Peter_Russell_Van_Gogh_drawings-1.jpg 780w\" sizes=\"(min-width: 2200px) 100vw, (min-width: 794px) 573px, (min-width: 717px) 794px, (min-width: 640px) 717px, \" \/><\/a><\/div><\/div><div style=\"padding:5px;\" class=\"fusion-grid-column fusion-gallery-column fusion-gallery-column-3 hover-type-none\"><div class=\"fusion-gallery-image\"><a href=\"https:\/\/academy.vg\/wp-content\/uploads\/2025\/02\/VanGoghOnRoad-2.jpg\" rel=\"noreferrer\" data-rel=\"iLightbox[gallery_image_1]\" class=\"fusion-lightbox\" target=\"_self\"><img decoding=\"async\" src=\"https:\/\/academy.vg\/wp-content\/uploads\/2025\/02\/VanGoghOnRoad-2.jpg\" width=\"1684\" height=\"1840\" alt=\"\" title=\"VanGoghOnRoad\" aria-label=\"VanGoghOnRoad\" class=\"img-responsive wp-image-28879\" srcset=\"https:\/\/academy.vg\/wp-content\/uploads\/2025\/02\/VanGoghOnRoad-2-200x219.jpg 200w, https:\/\/academy.vg\/wp-content\/uploads\/2025\/02\/VanGoghOnRoad-2-400x437.jpg 400w, https:\/\/academy.vg\/wp-content\/uploads\/2025\/02\/VanGoghOnRoad-2-600x656.jpg 600w, https:\/\/academy.vg\/wp-content\/uploads\/2025\/02\/VanGoghOnRoad-2-800x874.jpg 800w, https:\/\/academy.vg\/wp-content\/uploads\/2025\/02\/VanGoghOnRoad-2-1200x1311.jpg 1200w, https:\/\/academy.vg\/wp-content\/uploads\/2025\/02\/VanGoghOnRoad-2.jpg 1684w\" sizes=\"(min-width: 2200px) 100vw, (min-width: 794px) 573px, (min-width: 717px) 794px, (min-width: 640px) 717px, \" \/><\/a><\/div><\/div><div style=\"padding:5px;\" class=\"fusion-grid-column fusion-gallery-column fusion-gallery-column-3 hover-type-none\"><div class=\"fusion-gallery-image\"><a href=\"https:\/\/academy.vg\/wp-content\/uploads\/2025\/02\/Wouter-champVG-1.jpeg\" rel=\"noreferrer\" data-rel=\"iLightbox[gallery_image_1]\" class=\"fusion-lightbox\" target=\"_self\"><img decoding=\"async\" src=\"https:\/\/academy.vg\/wp-content\/uploads\/2025\/02\/Wouter-champVG-1.jpeg\" width=\"2000\" height=\"1600\" alt=\"\" title=\"Wouter champVG &#8211; 1\" aria-label=\"Wouter champVG &#8211; 1\" class=\"img-responsive wp-image-28881\" srcset=\"https:\/\/academy.vg\/wp-content\/uploads\/2025\/02\/Wouter-champVG-1-200x160.jpeg 200w, https:\/\/academy.vg\/wp-content\/uploads\/2025\/02\/Wouter-champVG-1-400x320.jpeg 400w, https:\/\/academy.vg\/wp-content\/uploads\/2025\/02\/Wouter-champVG-1-600x480.jpeg 600w, https:\/\/academy.vg\/wp-content\/uploads\/2025\/02\/Wouter-champVG-1-800x640.jpeg 800w, https:\/\/academy.vg\/wp-content\/uploads\/2025\/02\/Wouter-champVG-1-1200x960.jpeg 1200w, https:\/\/academy.vg\/wp-content\/uploads\/2025\/02\/Wouter-champVG-1.jpeg 2000w\" sizes=\"(min-width: 2200px) 100vw, (min-width: 794px) 573px, (min-width: 717px) 794px, (min-width: 640px) 717px, \" \/><\/a><\/div><\/div><div class=\"clearfix\"><\/div><\/div><\/div><\/div><\/div><\/div><\/div>\n","protected":false},"excerpt":{"rendered":"","protected":false},"author":1,"featured_media":26480,"comment_status":"closed","ping_status":"closed","sticky":false,"template":"","format":"standard","meta":{"give_campaign_id":0,"_price":"","_stock":"","_tribe_ticket_header":"","_tribe_default_ticket_provider":"","_tribe_ticket_capacity":"0","_ticket_start_date":"","_ticket_end_date":"","_tribe_ticket_show_description":"","_tribe_ticket_show_not_going":false,"_tribe_ticket_use_global_stock":"","_tribe_ticket_global_stock_level":"","_global_stock_mode":"","_global_stock_cap":"","_tribe_rsvp_for_event":"","_tribe_ticket_going_count":"","_tribe_ticket_not_going_count":"","_tribe_tickets_list":"[]","_tribe_ticket_has_attendee_info_fields":false,"footnotes":""},"categories":[348],"tags":[],"class_list":["post-27078","post","type-post","status-publish","format-standard","has-post-thumbnail","hentry","category-recherche"],"yoast_head":"<!-- This site is optimized with the Yoast SEO plugin v27.5 - https:\/\/yoast.com\/product\/yoast-seo-wordpress\/ -->\n<title>La Van Gogh Academy se lance en ligne : une nouvelle perspective dans l\u2019univers des \u00e9tudes sur Van Gogh - Van Gogh Academy<\/title>\n<meta name=\"robots\" content=\"index, follow, max-snippet:-1, max-image-preview:large, max-video-preview:-1\" \/>\n<link rel=\"canonical\" href=\"https:\/\/academy.vg\/fr\/2025\/02\/07\/la-van-gogh-academy-se-lance-en-ligne-une-nouvelle-perspective-dans-lunivers-des-etudes-sur-van-gogh\/\" \/>\n<meta property=\"og:locale\" content=\"fr_FR\" \/>\n<meta property=\"og:type\" content=\"article\" \/>\n<meta property=\"og:title\" content=\"La Van Gogh Academy se lance en ligne : une nouvelle perspective dans l\u2019univers des \u00e9tudes sur Van Gogh - Van Gogh Academy\" \/>\n<meta property=\"og:url\" content=\"https:\/\/academy.vg\/fr\/2025\/02\/07\/la-van-gogh-academy-se-lance-en-ligne-une-nouvelle-perspective-dans-lunivers-des-etudes-sur-van-gogh\/\" \/>\n<meta property=\"og:site_name\" content=\"Van Gogh Academy\" \/>\n<meta property=\"article:published_time\" content=\"2025-02-07T09:00:53+00:00\" \/>\n<meta property=\"article:modified_time\" content=\"2025-03-10T17:53:15+00:00\" \/>\n<meta property=\"og:image\" content=\"https:\/\/academy.vg\/wp-content\/uploads\/2025\/02\/43-F766.jpg\" \/>\n\t<meta property=\"og:image:width\" content=\"900\" \/>\n\t<meta property=\"og:image:height\" content=\"733\" \/>\n\t<meta property=\"og:image:type\" content=\"image\/jpeg\" \/>\n<meta name=\"author\" content=\"admin\" \/>\n<meta name=\"twitter:card\" content=\"summary_large_image\" \/>\n<meta name=\"twitter:label1\" content=\"\u00c9crit par\" \/>\n\t<meta name=\"twitter:data1\" content=\"admin\" \/>\n\t<meta name=\"twitter:label2\" content=\"Dur\u00e9e de lecture estim\u00e9e\" \/>\n\t<meta name=\"twitter:data2\" content=\"4 minutes\" \/>\n<script type=\"application\/ld+json\" class=\"yoast-schema-graph\">{\"@context\":\"https:\\\/\\\/schema.org\",\"@graph\":[{\"@type\":\"Article\",\"@id\":\"https:\\\/\\\/academy.vg\\\/fr\\\/2025\\\/02\\\/07\\\/la-van-gogh-academy-se-lance-en-ligne-une-nouvelle-perspective-dans-lunivers-des-etudes-sur-van-gogh\\\/#article\",\"isPartOf\":{\"@id\":\"https:\\\/\\\/academy.vg\\\/fr\\\/2025\\\/02\\\/07\\\/la-van-gogh-academy-se-lance-en-ligne-une-nouvelle-perspective-dans-lunivers-des-etudes-sur-van-gogh\\\/\"},\"author\":{\"name\":\"admin\",\"@id\":\"https:\\\/\\\/academy.vg\\\/fr\\\/#\\\/schema\\\/person\\\/c3f4aab4e24c5b8287bfcdd7f26222da\"},\"headline\":\"La Van Gogh Academy se lance en ligne : une nouvelle perspective dans l\u2019univers des \u00e9tudes sur Van Gogh\",\"datePublished\":\"2025-02-07T09:00:53+00:00\",\"dateModified\":\"2025-03-10T17:53:15+00:00\",\"mainEntityOfPage\":{\"@id\":\"https:\\\/\\\/academy.vg\\\/fr\\\/2025\\\/02\\\/07\\\/la-van-gogh-academy-se-lance-en-ligne-une-nouvelle-perspective-dans-lunivers-des-etudes-sur-van-gogh\\\/\"},\"wordCount\":1403,\"image\":{\"@id\":\"https:\\\/\\\/academy.vg\\\/fr\\\/2025\\\/02\\\/07\\\/la-van-gogh-academy-se-lance-en-ligne-une-nouvelle-perspective-dans-lunivers-des-etudes-sur-van-gogh\\\/#primaryimage\"},\"thumbnailUrl\":\"https:\\\/\\\/academy.vg\\\/wp-content\\\/uploads\\\/2025\\\/02\\\/43-F766.jpg\",\"articleSection\":[\"Recherche\"],\"inLanguage\":\"fr-FR\"},{\"@type\":\"WebPage\",\"@id\":\"https:\\\/\\\/academy.vg\\\/fr\\\/2025\\\/02\\\/07\\\/la-van-gogh-academy-se-lance-en-ligne-une-nouvelle-perspective-dans-lunivers-des-etudes-sur-van-gogh\\\/\",\"url\":\"https:\\\/\\\/academy.vg\\\/fr\\\/2025\\\/02\\\/07\\\/la-van-gogh-academy-se-lance-en-ligne-une-nouvelle-perspective-dans-lunivers-des-etudes-sur-van-gogh\\\/\",\"name\":\"La Van Gogh Academy se lance en ligne : une nouvelle perspective dans l\u2019univers des \u00e9tudes sur Van Gogh - Van Gogh Academy\",\"isPartOf\":{\"@id\":\"https:\\\/\\\/academy.vg\\\/fr\\\/#website\"},\"primaryImageOfPage\":{\"@id\":\"https:\\\/\\\/academy.vg\\\/fr\\\/2025\\\/02\\\/07\\\/la-van-gogh-academy-se-lance-en-ligne-une-nouvelle-perspective-dans-lunivers-des-etudes-sur-van-gogh\\\/#primaryimage\"},\"image\":{\"@id\":\"https:\\\/\\\/academy.vg\\\/fr\\\/2025\\\/02\\\/07\\\/la-van-gogh-academy-se-lance-en-ligne-une-nouvelle-perspective-dans-lunivers-des-etudes-sur-van-gogh\\\/#primaryimage\"},\"thumbnailUrl\":\"https:\\\/\\\/academy.vg\\\/wp-content\\\/uploads\\\/2025\\\/02\\\/43-F766.jpg\",\"datePublished\":\"2025-02-07T09:00:53+00:00\",\"dateModified\":\"2025-03-10T17:53:15+00:00\",\"author\":{\"@id\":\"https:\\\/\\\/academy.vg\\\/fr\\\/#\\\/schema\\\/person\\\/c3f4aab4e24c5b8287bfcdd7f26222da\"},\"inLanguage\":\"fr-FR\",\"potentialAction\":[{\"@type\":\"ReadAction\",\"target\":[\"https:\\\/\\\/academy.vg\\\/fr\\\/2025\\\/02\\\/07\\\/la-van-gogh-academy-se-lance-en-ligne-une-nouvelle-perspective-dans-lunivers-des-etudes-sur-van-gogh\\\/\"]}]},{\"@type\":\"ImageObject\",\"inLanguage\":\"fr-FR\",\"@id\":\"https:\\\/\\\/academy.vg\\\/fr\\\/2025\\\/02\\\/07\\\/la-van-gogh-academy-se-lance-en-ligne-une-nouvelle-perspective-dans-lunivers-des-etudes-sur-van-gogh\\\/#primaryimage\",\"url\":\"https:\\\/\\\/academy.vg\\\/wp-content\\\/uploads\\\/2025\\\/02\\\/43-F766.jpg\",\"contentUrl\":\"https:\\\/\\\/academy.vg\\\/wp-content\\\/uploads\\\/2025\\\/02\\\/43-F766.jpg\",\"width\":900,\"height\":733},{\"@type\":\"WebSite\",\"@id\":\"https:\\\/\\\/academy.vg\\\/fr\\\/#website\",\"url\":\"https:\\\/\\\/academy.vg\\\/fr\\\/\",\"name\":\"The Van Gogh Academy\",\"description\":\"Des racines aux \u00e9toiles\",\"potentialAction\":[{\"@type\":\"SearchAction\",\"target\":{\"@type\":\"EntryPoint\",\"urlTemplate\":\"https:\\\/\\\/academy.vg\\\/fr\\\/?s={search_term_string}\"},\"query-input\":{\"@type\":\"PropertyValueSpecification\",\"valueRequired\":true,\"valueName\":\"search_term_string\"}}],\"inLanguage\":\"fr-FR\"},{\"@type\":\"Person\",\"@id\":\"https:\\\/\\\/academy.vg\\\/fr\\\/#\\\/schema\\\/person\\\/c3f4aab4e24c5b8287bfcdd7f26222da\",\"name\":\"admin\",\"image\":{\"@type\":\"ImageObject\",\"inLanguage\":\"fr-FR\",\"@id\":\"https:\\\/\\\/secure.gravatar.com\\\/avatar\\\/19f05a030664422358df7cf283798f560cbbbc369e73c3385dc17d099132b89b?s=96&d=mm&r=g\",\"url\":\"https:\\\/\\\/secure.gravatar.com\\\/avatar\\\/19f05a030664422358df7cf283798f560cbbbc369e73c3385dc17d099132b89b?s=96&d=mm&r=g\",\"contentUrl\":\"https:\\\/\\\/secure.gravatar.com\\\/avatar\\\/19f05a030664422358df7cf283798f560cbbbc369e73c3385dc17d099132b89b?s=96&d=mm&r=g\",\"caption\":\"admin\"},\"url\":\"https:\\\/\\\/academy.vg\\\/fr\\\/author\\\/admin\\\/\"}]}<\/script>\n<!-- \/ Yoast SEO plugin. -->","yoast_head_json":{"title":"La Van Gogh Academy se lance en ligne : une nouvelle perspective dans l\u2019univers des \u00e9tudes sur Van Gogh - Van Gogh Academy","robots":{"index":"index","follow":"follow","max-snippet":"max-snippet:-1","max-image-preview":"max-image-preview:large","max-video-preview":"max-video-preview:-1"},"canonical":"https:\/\/academy.vg\/fr\/2025\/02\/07\/la-van-gogh-academy-se-lance-en-ligne-une-nouvelle-perspective-dans-lunivers-des-etudes-sur-van-gogh\/","og_locale":"fr_FR","og_type":"article","og_title":"La Van Gogh Academy se lance en ligne : une nouvelle perspective dans l\u2019univers des \u00e9tudes sur Van Gogh - Van Gogh Academy","og_url":"https:\/\/academy.vg\/fr\/2025\/02\/07\/la-van-gogh-academy-se-lance-en-ligne-une-nouvelle-perspective-dans-lunivers-des-etudes-sur-van-gogh\/","og_site_name":"Van Gogh Academy","article_published_time":"2025-02-07T09:00:53+00:00","article_modified_time":"2025-03-10T17:53:15+00:00","og_image":[{"width":900,"height":733,"url":"https:\/\/academy.vg\/wp-content\/uploads\/2025\/02\/43-F766.jpg","type":"image\/jpeg"}],"author":"admin","twitter_card":"summary_large_image","twitter_misc":{"\u00c9crit par":"admin","Dur\u00e9e de lecture estim\u00e9e":"4 minutes"},"schema":{"@context":"https:\/\/schema.org","@graph":[{"@type":"Article","@id":"https:\/\/academy.vg\/fr\/2025\/02\/07\/la-van-gogh-academy-se-lance-en-ligne-une-nouvelle-perspective-dans-lunivers-des-etudes-sur-van-gogh\/#article","isPartOf":{"@id":"https:\/\/academy.vg\/fr\/2025\/02\/07\/la-van-gogh-academy-se-lance-en-ligne-une-nouvelle-perspective-dans-lunivers-des-etudes-sur-van-gogh\/"},"author":{"name":"admin","@id":"https:\/\/academy.vg\/fr\/#\/schema\/person\/c3f4aab4e24c5b8287bfcdd7f26222da"},"headline":"La Van Gogh Academy se lance en ligne : une nouvelle perspective dans l\u2019univers des \u00e9tudes sur Van Gogh","datePublished":"2025-02-07T09:00:53+00:00","dateModified":"2025-03-10T17:53:15+00:00","mainEntityOfPage":{"@id":"https:\/\/academy.vg\/fr\/2025\/02\/07\/la-van-gogh-academy-se-lance-en-ligne-une-nouvelle-perspective-dans-lunivers-des-etudes-sur-van-gogh\/"},"wordCount":1403,"image":{"@id":"https:\/\/academy.vg\/fr\/2025\/02\/07\/la-van-gogh-academy-se-lance-en-ligne-une-nouvelle-perspective-dans-lunivers-des-etudes-sur-van-gogh\/#primaryimage"},"thumbnailUrl":"https:\/\/academy.vg\/wp-content\/uploads\/2025\/02\/43-F766.jpg","articleSection":["Recherche"],"inLanguage":"fr-FR"},{"@type":"WebPage","@id":"https:\/\/academy.vg\/fr\/2025\/02\/07\/la-van-gogh-academy-se-lance-en-ligne-une-nouvelle-perspective-dans-lunivers-des-etudes-sur-van-gogh\/","url":"https:\/\/academy.vg\/fr\/2025\/02\/07\/la-van-gogh-academy-se-lance-en-ligne-une-nouvelle-perspective-dans-lunivers-des-etudes-sur-van-gogh\/","name":"La Van Gogh Academy se lance en ligne : une nouvelle perspective dans l\u2019univers des \u00e9tudes sur Van Gogh - Van Gogh Academy","isPartOf":{"@id":"https:\/\/academy.vg\/fr\/#website"},"primaryImageOfPage":{"@id":"https:\/\/academy.vg\/fr\/2025\/02\/07\/la-van-gogh-academy-se-lance-en-ligne-une-nouvelle-perspective-dans-lunivers-des-etudes-sur-van-gogh\/#primaryimage"},"image":{"@id":"https:\/\/academy.vg\/fr\/2025\/02\/07\/la-van-gogh-academy-se-lance-en-ligne-une-nouvelle-perspective-dans-lunivers-des-etudes-sur-van-gogh\/#primaryimage"},"thumbnailUrl":"https:\/\/academy.vg\/wp-content\/uploads\/2025\/02\/43-F766.jpg","datePublished":"2025-02-07T09:00:53+00:00","dateModified":"2025-03-10T17:53:15+00:00","author":{"@id":"https:\/\/academy.vg\/fr\/#\/schema\/person\/c3f4aab4e24c5b8287bfcdd7f26222da"},"inLanguage":"fr-FR","potentialAction":[{"@type":"ReadAction","target":["https:\/\/academy.vg\/fr\/2025\/02\/07\/la-van-gogh-academy-se-lance-en-ligne-une-nouvelle-perspective-dans-lunivers-des-etudes-sur-van-gogh\/"]}]},{"@type":"ImageObject","inLanguage":"fr-FR","@id":"https:\/\/academy.vg\/fr\/2025\/02\/07\/la-van-gogh-academy-se-lance-en-ligne-une-nouvelle-perspective-dans-lunivers-des-etudes-sur-van-gogh\/#primaryimage","url":"https:\/\/academy.vg\/wp-content\/uploads\/2025\/02\/43-F766.jpg","contentUrl":"https:\/\/academy.vg\/wp-content\/uploads\/2025\/02\/43-F766.jpg","width":900,"height":733},{"@type":"WebSite","@id":"https:\/\/academy.vg\/fr\/#website","url":"https:\/\/academy.vg\/fr\/","name":"The Van Gogh Academy","description":"Des racines aux \u00e9toiles","potentialAction":[{"@type":"SearchAction","target":{"@type":"EntryPoint","urlTemplate":"https:\/\/academy.vg\/fr\/?s={search_term_string}"},"query-input":{"@type":"PropertyValueSpecification","valueRequired":true,"valueName":"search_term_string"}}],"inLanguage":"fr-FR"},{"@type":"Person","@id":"https:\/\/academy.vg\/fr\/#\/schema\/person\/c3f4aab4e24c5b8287bfcdd7f26222da","name":"admin","image":{"@type":"ImageObject","inLanguage":"fr-FR","@id":"https:\/\/secure.gravatar.com\/avatar\/19f05a030664422358df7cf283798f560cbbbc369e73c3385dc17d099132b89b?s=96&d=mm&r=g","url":"https:\/\/secure.gravatar.com\/avatar\/19f05a030664422358df7cf283798f560cbbbc369e73c3385dc17d099132b89b?s=96&d=mm&r=g","contentUrl":"https:\/\/secure.gravatar.com\/avatar\/19f05a030664422358df7cf283798f560cbbbc369e73c3385dc17d099132b89b?s=96&d=mm&r=g","caption":"admin"},"url":"https:\/\/academy.vg\/fr\/author\/admin\/"}]}},"_links":{"self":[{"href":"https:\/\/academy.vg\/fr\/wp-json\/wp\/v2\/posts\/27078","targetHints":{"allow":["GET"]}}],"collection":[{"href":"https:\/\/academy.vg\/fr\/wp-json\/wp\/v2\/posts"}],"about":[{"href":"https:\/\/academy.vg\/fr\/wp-json\/wp\/v2\/types\/post"}],"author":[{"embeddable":true,"href":"https:\/\/academy.vg\/fr\/wp-json\/wp\/v2\/users\/1"}],"replies":[{"embeddable":true,"href":"https:\/\/academy.vg\/fr\/wp-json\/wp\/v2\/comments?post=27078"}],"version-history":[{"count":0,"href":"https:\/\/academy.vg\/fr\/wp-json\/wp\/v2\/posts\/27078\/revisions"}],"wp:featuredmedia":[{"embeddable":true,"href":"https:\/\/academy.vg\/fr\/wp-json\/wp\/v2\/media\/26480"}],"wp:attachment":[{"href":"https:\/\/academy.vg\/fr\/wp-json\/wp\/v2\/media?parent=27078"}],"wp:term":[{"taxonomy":"category","embeddable":true,"href":"https:\/\/academy.vg\/fr\/wp-json\/wp\/v2\/categories?post=27078"},{"taxonomy":"post_tag","embeddable":true,"href":"https:\/\/academy.vg\/fr\/wp-json\/wp\/v2\/tags?post=27078"}],"curies":[{"name":"wp","href":"https:\/\/api.w.org\/{rel}","templated":true}]}}